{"short_name":"caroline","name":"caroline bergeron","icons":[{"src":"https:\/\/dkemhji6i1k0x.cloudfront.net\/000_clients\/160725\/file\/48x48-160725yZzZ3sXa.jpg","sizes":"48x48","type":"image\/jpeg","purpose":"any maskable"},{"src":"https:\/\/dkemhji6i1k0x.cloudfront.net\/000_clients\/160725\/file\/72x72-160725yZzZ3sXa.jpg","sizes":"72x72","type":"image\/jpeg","purpose":"any maskable"},{"src":"https:\/\/dkemhji6i1k0x.cloudfront.net\/000_clients\/160725\/file\/96x96-160725yZzZ3sXa.jpg","sizes":"96x96","type":"image\/jpeg","purpose":"any maskable"},{"src":"https:\/\/dkemhji6i1k0x.cloudfront.net\/000_clients\/160725\/file\/16x16-160725yZzZ3sXa.jpg","sizes":"16x16","type":"image\/jpeg","purpose":"any maskable"},{"src":"https:\/\/dkemhji6i1k0x.cloudfront.net\/000_clients\/160725\/file\/144x144-160725yZzZ3sXa.jpg","sizes":"144x144","type":"image\/jpeg","purpose":"any maskable"},{"src":"https:\/\/dkemhji6i1k0x.cloudfront.net\/000_clients\/160725\/file\/168x168-160725yZzZ3sXa.jpg","sizes":"168x168","type":"image\/jpeg","purpose":"any maskable"},{"src":"https:\/\/dkemhji6i1k0x.cloudfront.net\/000_clients\/160725\/file\/192x192-160725yZzZ3sXa.jpg","sizes":"192x192","type":"image\/jpeg","purpose":"any maskable"}],"start_url":"\/","scope":"\/","display":"standalone","lang":"en","background_color":"#ffffff","description":"Photographe professionnel d\u2019exp\u00e9rience reconnue .\nStrat\u00e9gie, id\u00e9ation et cr\u00e9ation de contenu d&#039;impact pour image corporative, portraits, architecture ","orientation":"portrait-primary","theme_color":"#fafafa","related_applications":[{"platform":"web","url":"http:\/\/www.carolinebergeron.com"}]}